[{"@context":"https:\/\/schema.org\/","@type":"Article","@id":"https:\/\/www.prez.sk\/krasne-je-byt-zenou\/#Article","mainEntityOfPage":"https:\/\/www.prez.sk\/krasne-je-byt-zenou\/","headline":"Kr\u00e1sne je by\u0165 \u017eenou","name":"Kr\u00e1sne je by\u0165 \u017eenou","description":"Let\u00ed to ako bl\u00e1zniv\u00e9 ten \u010das \u010dlovek sa \u010dudova\u0165 nestihne ani nesta\u010d\u00ed ve\u010f m\u00e1me polovicu novembra pre\u010d za chv\u00ed\u013eu je december na za\u010diatku decembra 6.12 je Mikul\u00e1\u0161 ale teraz 25.11 je Katar\u00edny u n\u00e1s v kult\u00farnom dome je z\u00e1bava no dos\u0165 je vstup 15 euro na osobu d\u00e1 sa urobi\u0165 z\u00e1bava aj doma smiech ja [&hellip;]","datePublished":"2022-12-24","dateModified":"2022-12-24","author":{"@type":"Person","@id":"https:\/\/www.prez.sk\/author\/#Person","name":"","url":"https:\/\/www.prez.sk\/author\/","identifier":1,"image":{"@type":"ImageObject","@id":"https:\/\/secure.gravatar.com\/avatar\/fb50772173929303fbe6024f179e4dd9837c71f6efc661bdb046860d442d05b5?s=96&d=mm&r=g","url":"https:\/\/secure.gravatar.com\/avatar\/fb50772173929303fbe6024f179e4dd9837c71f6efc661bdb046860d442d05b5?s=96&d=mm&r=g","height":96,"width":96}},"publisher":{"@type":"Organization","name":"prez.sk","logo":{"@type":"ImageObject","@id":"\/logo.png","url":"\/logo.png","width":600,"height":60}},"image":{"@type":"ImageObject","@id":"https:\/\/www.prez.sk\/wp-content\/uploads\/manicure-870857_1280_6.jpg","url":"https:\/\/www.prez.sk\/wp-content\/uploads\/manicure-870857_1280_6.jpg","height":0,"width":0},"url":"https:\/\/www.prez.sk\/krasne-je-byt-zenou\/","about":["Kr\u00e1sa"],"wordCount":591,"articleBody":"Let\u00ed to ako bl\u00e1zniv\u00e9 ten \u010das \u010dlovek sa \u010dudova\u0165 nestihne ani nesta\u010d\u00ed ve\u010f m\u00e1me polovicu novembra pre\u010d za chv\u00ed\u013eu je december na za\u010diatku decembra 6.12 je Mikul\u00e1\u0161 ale teraz 25.11 je Katar\u00edny u n\u00e1s v kult\u00farnom dome je z\u00e1bava no dos\u0165 je vstup 15 euro na osobu d\u00e1 sa urobi\u0165 z\u00e1bava aj doma smiech ja nie som s\u00edce Katar\u00edna som Adri\u00e1na. Ja som urobila v\u010dera rados\u0165 k\u00fapila som si kr\u00e1sne o\u010dn\u00e9 tiene zna\u010dky Disney M.M za 10 euro dos\u0165 je to ale bude Mikul\u00e1\u0161a trochu tak\u00fd pred\u010dasn\u00fd dar\u010dek smiech ale treba si urobi\u0165 rados\u0165 \u010di nie. Objednala som si kr\u00e1sne veci oble\u010denie cez online REMIX pekn\u00fd kr\u00e1tky ko\u017eu\u0161tek, Viano\u010dn\u00e9 \u0161aty a pono\u017eky viano\u010dn\u00e9 ale pl\u00e1nujem aj in\u00e9 si objedna\u0165 ale potrebujeme teraz chladni\u010dku k\u00fapi\u0165 nejak\u00fa v akcii nako\u013eko m\u00e1me u\u017e star\u0161iu ale chcela by som aj telev\u00edzor uvid\u00edm ako sa mi bude da\u0165 finan\u010dn\u00e9 postupne mo\u017eno na narodeniny ktor\u00e9 m\u00e1m po viano\u010dn\u00fdch sviatkoch hne\u010f v janu\u00e1ri 22.1 ja m\u00e1m dvoje dar\u010deky smiech niekto sa vie narodi\u0165 aj ke\u010f len mali\u010dkos\u0165 si k\u00fapi alebo dostane milujem sviatky rada sa rozmazn\u00e1vam ako \u017eena aj druh\u00fdch ke\u010f len drobnosti k\u00fapim nie som lakomec nezn\u00e1\u0161am tak\u00fdch \u013eud\u00ed lakom\u00fdch.Teraz v N\u00e1kupn\u00fdch mania\u010dkach je super s\u00fa\u0165a\u017e o 500 euro jaj tak vyhra\u0165 to by boli Vianoce juj \u010dlovek pok\u00fa\u0161a \u0161\u0165astie minule som k\u00fapila Viano\u010dn\u00fd los za 9 euro raz za rok mala som s\u00edce v\u00fdhru 9 euro no nie to horibiln\u00e1 suma aspo\u0148 nie\u010do bolo na jedlo. U\u017e sa neviem do\u010dka\u0165 v\u00fdzdoby Viano\u010dn\u00e9ho strom\u010deka m\u00e1me vysok\u00fd viac ako dva metre to sme k\u00fapili minul\u00fd rok v Tesco bol ozna\u010den\u00fd ako luxusn\u00fd bola viac ako 50 percent z\u013eava bol to m\u00f4j\u00a0vysn\u00edvan\u00fd strom\u010dek je s\u00edce umel\u00fd ale m\u00e1 pekn\u00e9 ihli\u010die vyzer\u00e1 ako \u017eiv\u00fd m\u00e1 aj \u0161i\u0161ky m\u00e1m ve\u013emi ve\u013ea ozd\u00f4b neviem ako var\u00edte na povery ale sa hovor\u00ed \u017ee sa maj\u00fa dokupova\u0165 ozdoby na Viano\u010dn\u00fd strom\u010dek ka\u017ed\u00fd rok \u017ee to prin\u00e1\u0161a \u0161\u0165astie viete \u017ee je dobre aj sn\u00edva\u0165.Nap\u00edsala som aj Je\u017ei\u0161kovi Viano\u010dn\u00fa poh\u013eadnicu p\u00edsala o prian\u00ed \u010do by som chcela a to je tak \u017ee nem\u00e1m na to to pe\u0148az\u00ed bicykel a nov\u00fd smartf\u00f3n ten najmodernej\u0161\u00ed sklada\u010dku za vy\u0161e 1000 euro bodlo by to niekto by povedal tak\u00fd \u010do hrabe peniaze \u010di si nedopraje hmot\u00e1r \u017ee na\u010do mi je to poznala som tak\u00e9ho chud\u00e1ka \u010do pracoval no ni\u010d si nedoprial ani oriadi\u0165 sa nevedel\u00a0des p\u00f4sobil ako bezdomovec\u00a0 no des tak\u00fd chlap on na v\u0161etko hovoril na\u010do to je \u00faboh\u00e9 ne\u010dudo \u017ee bol s\u00e1m kto by to chcel. Mamke som v\u010dera k\u00fapila okuliare na \u010d\u00edtanie v Tete drog\u00e9ria vo Vr\u00e1b\u013eoch lebo sa jej do l\u00e1mali nie je to cel\u00fd veda aj ke\u010f v akcii st\u00e1li 7 euro b\u00fdvaj\u00fa drah\u0161ie ja tie\u017e si ich k\u00fapim lebo ke\u010f pracujem na pc mi je lep\u0161ie lebo m\u00e1m do dia\u013eky dioptrie drah\u00e9 o to sa mi nechce ma\u0165 doma pri pr\u00e1ci sta\u010dia aj oby\u010dajn\u00e9 okuliare.                                                                                                                                                                                                                                                                                                                                                                                        3.9\/5 - (10 votes)        "},{"@context":"https:\/\/schema.org\/","@type":"BreadcrumbList","itemListElement":[{"@type":"ListItem","position":1,"name":"Kr\u00e1sne je by\u0165 \u017eenou","item":"https:\/\/www.prez.sk\/krasne-je-byt-zenou\/#breadcrumbitem"}]}]